{"id":500,"date":"2025-10-12T13:23:15","date_gmt":"2025-10-12T13:23:15","guid":{"rendered":"http:\/\/matthieu.choblet.com\/?p=500"},"modified":"2025-10-12T13:23:15","modified_gmt":"2025-10-12T13:23:15","slug":"franzoesische-gegenwartsliteratur-le-lambeau-der-fetzen-von-philippe-lancon","status":"publish","type":"post","link":"http:\/\/matthieu.choblet.com\/?p=500","title":{"rendered":"Franz\u00f6sische Gegenwartsliteratur: \u00ab Le Lambeau \u00bb (\u201eDer Fetzen\u201c) von Philippe Lan\u00e7on"},"content":{"rendered":"\n<p>Lesung und Buchbesprechung am 14.11.2025 an der Volkshochschule im Regionalverband Saarbr\u00fccken<\/p>\n\n\n\n<!--more-->\n\n\n\n<p>Zehn Jahre ist es her, dass Terroristen das Redaktionslokal der Satirezeitschrift \u201eCharlie Hebdo\u201c \u00fcberfielen. Der Journalist und Schriftsteller Philippe Lan\u00e7on, der den Anschlag knapp \u00fcberlebte, hat seine Erlebnisse in \u00ab Le Lambeau \u00bb literarisch verarbeitet.<br>Im Mittelpunkt dieses 2018 erschienenen Romans stehen die Gedanken und Begegnungen w\u00e4hrend seiner langen Rekonvaleszenz mit oft heiteren Portr\u00e4ts von Menschen, die ihn am Krankenbett aufsuchen \u2013 vom medizinischen Personal, \u00fcber (Ex-) Lebensgef\u00e4hrtinnen bis hin zum Pr\u00e4sidenten der Republik. Der Roman wurde mehrfach ausgezeichnet, u.a. mit dem Prix F\u00e9mina, dem Prix Special Renaudot und Prix Roman News. In der Veranstaltung blicken wir zur\u00fcck auf die Pariser Anschl\u00e4ge von 2015, sprechen \u00fcber Satire und lesen ausgew\u00e4hlte Textpassagen in franz\u00f6sischer Sprache. Die Textpassagen werden auch in deutscher Sprache vorgelegt und besprochen.<br><br><br>Le lambeau de Philipp Lan\u00e7on<br>Il y a dix ans, la r\u00e9daction du journal satirique Charlie Hebdo subit une terrible attaque terroriste. Le journaliste et \u00e9crivain Philippe Lan\u00e7on, qui a surv\u00e9cu de justesse \u00e0 l&#8217;attentat, tient compte de ce triste \u00e9v\u00e8nement dans son r\u00e9cit Le Lambeau. Paru en 2018, cette oeuvre entrem\u00eale les pens\u00e9s et sentiments de l&#8217;auteur au cours de sa longue convalescence avec des portraits souvent gais des personnes venues lui rendre visite \u00e0 son chevet &#8211; qu&#8217;il s&#8217;agisse du personnel m\u00e9dical, du pr\u00e9sident de la R\u00e9publique ou de ses (ex) compagnes.<br>Le roman fut r\u00e9compens\u00e9 \u00e0 plusieurs reprises, notamment par le prix F\u00e9mina, le prix Renaudot sp\u00e9cial et le prix Roman News.<br>Au cours de la soir\u00e9e, nous aborderons les attentats parisiens de 2015, parlerons de la satire et lirons des passages choisis du roman en fran\u00e7ais. Les extraits seront \u00e9galement pr\u00e9sent\u00e9s et discut\u00e9s en allemand.<br><br>Kursleitung: Gerhard Rouget und Matthieu Choblet.<\/p>\n\n\n\n<p>Anmeldung und weitere Informationen ab sofort unter\u00a0<a href=\"https:\/\/www.vhs-saarbruecken.de\/programm\/gesellschaft\/kurs\/Le-Lambeau-Der-Fetzen-von-Philipp-Lanon\/AS2121\">vhs-saarbruecken.de<\/a><\/p>\n\n\n\n<p><\/p>\n","protected":false},"excerpt":{"rendered":"<p>Lesung und Buchbesprechung am 14.11.2025 an der Volkshochschule im Regionalverband Saarbr\u00fccken<\/p>\n","protected":false},"author":1,"featured_media":0,"comment_status":"open","ping_status":"open","sticky":false,"template":"","format":"standard","meta":{"footnotes":""},"categories":[15],"tags":[43,47,45],"class_list":["post-500","post","type-post","status-publish","format-standard","hentry","category-vortraege","tag-france","tag-frankreich-2","tag-literatur-2"],"_links":{"self":[{"href":"http:\/\/matthieu.choblet.com\/index.php?rest_route=\/wp\/v2\/posts\/500","targetHints":{"allow":["GET"]}}],"collection":[{"href":"http:\/\/matthieu.choblet.com\/index.php?rest_route=\/wp\/v2\/posts"}],"about":[{"href":"http:\/\/matthieu.choblet.com\/index.php?rest_route=\/wp\/v2\/types\/post"}],"author":[{"embeddable":true,"href":"http:\/\/matthieu.choblet.com\/index.php?rest_route=\/wp\/v2\/users\/1"}],"replies":[{"embeddable":true,"href":"http:\/\/matthieu.choblet.com\/index.php?rest_route=%2Fwp%2Fv2%2Fcomments&post=500"}],"version-history":[{"count":1,"href":"http:\/\/matthieu.choblet.com\/index.php?rest_route=\/wp\/v2\/posts\/500\/revisions"}],"predecessor-version":[{"id":501,"href":"http:\/\/matthieu.choblet.com\/index.php?rest_route=\/wp\/v2\/posts\/500\/revisions\/501"}],"wp:attachment":[{"href":"http:\/\/matthieu.choblet.com\/index.php?rest_route=%2Fwp%2Fv2%2Fmedia&parent=500"}],"wp:term":[{"taxonomy":"category","embeddable":true,"href":"http:\/\/matthieu.choblet.com\/index.php?rest_route=%2Fwp%2Fv2%2Fcategories&post=500"},{"taxonomy":"post_tag","embeddable":true,"href":"http:\/\/matthieu.choblet.com\/index.php?rest_route=%2Fwp%2Fv2%2Ftags&post=500"}],"curies":[{"name":"wp","href":"https:\/\/api.w.org\/{rel}","templated":true}]}}